{"id":9027,"date":"2020-07-30T12:08:55","date_gmt":"2020-07-30T10:08:55","guid":{"rendered":"http:\/\/inforsoluc.es\/faq-general\/?p=9027"},"modified":"2022-02-03T19:23:22","modified_gmt":"2022-02-03T17:23:22","slug":"laboral-comunicacion-de-periodos-de-actividad","status":"publish","type":"post","link":"https:\/\/inforsoluc.es\/faq-general\/laboral-comunicacion-de-periodos-de-actividad\/","title":{"rendered":"LABORAL: COMUNICACI\u00d3N DE PERIODOS DE ACTIVIDAD"},"content":{"rendered":"\n<p><strong>\u00bfComo se env\u00eda desde el programa el fichero xml que exige el Sepe con los d\u00edas de actividad de trabajadores que est\u00e1n en erte parcial?<\/strong><\/p>\n<p>En la pantalla de Regulaci\u00f3n de empleo no ha cambiado nada.<\/p>\n<p>Seg\u00fan las ultimas instrucciones del Sepe, se comunican los d\u00edas de actividad realizados con la misma jornada que tuviera la persona trabajadora previa al ERTE. Cuando realice una jornada diaria inferior a la que tuviera previa al ERTE, se comunican los d\u00edas de actividad equivalente. Por ejemplo, si su jornada anterior al erte eran de 8 horas al d\u00eda y a trabajado 2 d\u00edas, 4 horas cada d\u00eda, corresponde 1 d\u00eda trabajado (4 horas x 2 d\u00edas trabajados = 8 horas \/ 8 horas de jornada anterior al erte = 1 d\u00eda de actividad).\u00a0<\/p>\n<p><b>Recomendamos revisar las ultimas instrucciones del Sepe donde aparecen un par de ejemplos e instrucciones de como se deben informar esos d\u00edas en cada caso.\u00a0<\/b><\/p>\n<p><b>\u00bfComo se indican en el programa esos d\u00edas de actividad para su posterior env\u00edo al Sepe?<\/b><\/p>\n<p>El procedimiento es distinto si el erte es parcial o parcial con d\u00edas no consecutivos.\u00a0<\/p>\n<ul>\n<li><strong>Erte parcial.\u00a0<\/strong>Este tipo lo hace el programa de forma autom\u00e1tica. Una vez estemos en el punto siguiente, es decir, en Comunicaci\u00f3n periodos de actividad, pinchamos en \u00abimportar d\u00edas de actividad equivalente\u00bb. En la pantalla que nos sale seleccionamos los trabajadores y marcamos \u00abcalcular previstas\u00bb. Con esto, el programa nos calcula, en funci\u00f3n del % de erte, que d\u00edas completos hubiera trabajado y los anota en el calendario del trabajador para despu\u00e9s importarlos en la pantalla de \u00abcomunicaci\u00f3n periodos de actividad\u00bb. Esto no interviene en el calculo de la nomina.\u00a0<\/li>\n<li><b>Erte parcial de d\u00edas no consecutivos.\u00a0<\/b>Una vez averiguados los d\u00edas de actividad que correspondan, hay que irse a las fichas del trabajador. En la parte de erte trabajado, en el calendario hay que marcar como \u00abforzado cotizado\u00bb<img loading=\"lazy\" class=\"alignnone size-full wp-image-9029\" src=\"http:\/\/inforsoluc.es\/faq-general\/wp-content\/uploads\/2020\/07\/forzado-cotizado.png\" alt=\"\" width=\"271\" height=\"22\" \/> los d\u00edas de actividad que corresponden y en la parte de erte no trabajado hay que marcar los d\u00edas que no ha trabajado tambi\u00e9n como forzado cotizado. Esto vale tanto para la comunicaci\u00f3n de los d\u00edas de actividad como para el cobro de las nominas, ya que al trabajar d\u00edas sueltos, hay que indicar de esta manera que d\u00edas se pagar\u00edan en la nomina.\u00a0<\/li>\n<\/ul>\n<p>Cuando se reincorpora un trabajador totalmente, no hay que indicar nada en su calendario.<\/p>\n<p>Una vez se han indicado en los calendarios de los trabajadores, nos vamos al punto 4. Gesti\u00f3n de contratos y 7. Comunicaci\u00f3n periodos de actividad. En esta pantalla seleccionamos arriba la empresa, metemos el representante y el numero de ere (sin espacios ni guiones, solo los n\u00fameros). Una vez se tiene eso, le damos a las flechas azules y el programa nos importara los d\u00edas de actividad de los trabajadores a los que se lo hayamos indicado en el calendario y los d\u00edas de los trabajadores reincorporados totalmente. Si no tenemos que presentar todos los que nos aparecen en pantalla, o bien borramos los que sobran o seleccionamos solo los que vamos a presentar. Una vez tenemos las l\u00edneas seleccionadas, le damos al icono de Inem y nos saldr\u00e1 la ruta donde se ha generado el fichero y se nos abrir\u00e1 de forma autom\u00e1tica la pagina del Sepe.\u00a0<\/p>\n","protected":false},"excerpt":{"rendered":"<p>\u00bfComo se env\u00eda desde el programa el fichero xml que exige el Sepe con los d\u00edas de actividad de trabajadores que est\u00e1n en erte parcial? En la pantalla de Regulaci\u00f3n de empleo no ha cambiado nada. Seg\u00fan las ultimas instrucciones del Sepe, se comunican los d\u00edas de actividad realizados con la misma jornada que tuviera [&hellip;]<\/p>\n","protected":false},"author":2,"featured_media":0,"comment_status":"closed","ping_status":"open","sticky":false,"template":"","format":"standard","meta":[],"categories":[59],"tags":[],"_links":{"self":[{"href":"https:\/\/inforsoluc.es\/faq-general\/wp-json\/wp\/v2\/posts\/9027"}],"collection":[{"href":"https:\/\/inforsoluc.es\/faq-general\/wp-json\/wp\/v2\/posts"}],"about":[{"href":"https:\/\/inforsoluc.es\/faq-general\/wp-json\/wp\/v2\/types\/post"}],"author":[{"embeddable":true,"href":"https:\/\/inforsoluc.es\/faq-general\/wp-json\/wp\/v2\/users\/2"}],"replies":[{"embeddable":true,"href":"https:\/\/inforsoluc.es\/faq-general\/wp-json\/wp\/v2\/comments?post=9027"}],"version-history":[{"count":3,"href":"https:\/\/inforsoluc.es\/faq-general\/wp-json\/wp\/v2\/posts\/9027\/revisions"}],"predecessor-version":[{"id":9110,"href":"https:\/\/inforsoluc.es\/faq-general\/wp-json\/wp\/v2\/posts\/9027\/revisions\/9110"}],"wp:attachment":[{"href":"https:\/\/inforsoluc.es\/faq-general\/wp-json\/wp\/v2\/media?parent=9027"}],"wp:term":[{"taxonomy":"category","embeddable":true,"href":"https:\/\/inforsoluc.es\/faq-general\/wp-json\/wp\/v2\/categories?post=9027"},{"taxonomy":"post_tag","embeddable":true,"href":"https:\/\/inforsoluc.es\/faq-general\/wp-json\/wp\/v2\/tags?post=9027"}],"curies":[{"name":"wp","href":"https:\/\/api.w.org\/{rel}","templated":true}]}}